{"id":105021,"date":"2025-07-12T18:53:12","date_gmt":"2025-07-12T16:53:12","guid":{"rendered":"https:\/\/www.oa-roma.inaf.it\/bongiorno\/?p=105021"},"modified":"2026-03-02T09:54:18","modified_gmt":"2026-03-02T08:54:18","slug":"implicacoes-culturais-do-ritual-de-escuta","status":"publish","type":"post","link":"https:\/\/www.oa-roma.inaf.it\/bongiorno\/implicacoes-culturais-do-ritual-de-escuta\/","title":{"rendered":"Implica\u00e7\u00f5es Culturais do Ritual de Escuta"},"content":{"rendered":"<h2>Introdu\u00e7\u00e3o ao Ritual de Escuta e suas Implica\u00e7\u00f5es Culturais<\/h2>\n<p>O ritual de escuta \u00e9 uma pr\u00e1tica que transcende o simples ato de ouvir; trata-se de um processo profundo e intencional que busca fortalecer as <strong>rela\u00e7\u00f5es humanas<\/strong> por meio da troca de experi\u00eancias e saberes. Esta tradi\u00e7\u00e3o, presente em diversas <strong>pr\u00e1ticas culturais<\/strong> ao redor do mundo, tem o potencial de resgatar a <strong>mem\u00f3ria coletiva<\/strong> de comunidades, promovendo um entendimento intercultural enriquecedor.<\/p>\n<p>Ao adotar o ritual de escuta, as comunidades se engajam em <strong>di\u00e1logos<\/strong> significativos que favorecem a coes\u00e3o social. Por exemplo, em algumas culturas africanas, a pr\u00e1tica \u00e9 utilizada para transmitir hist\u00f3rias e li\u00e7\u00f5es de vida, fortalecendo a <strong>identidade cultural<\/strong> e criando espa\u00e7os de reflex\u00e3o. Esses rituais n\u00e3o apenas preservam a cultura, mas tamb\u00e9m fomentam intera\u00e7\u00f5es que ajudam a construir pontes entre diferentes grupos.<\/p>\n<p>Al\u00e9m disso, o ritual de escuta \u00e9 uma <strong>pr\u00e1tica comunit\u00e1ria<\/strong> que pode ser aplicada em contextos variados, desde reuni\u00f5es familiares at\u00e9 encontros intergeracionais. Essa abordagem promove um ambiente onde cada voz \u00e9 valorizada, contribuindo para o fortalecimento de la\u00e7os e para a constru\u00e7\u00e3o de um futuro mais inclusivo e respeitoso, refletindo as diversas tradi\u00e7\u00f5es que moldam nossa <a href=\"https:\/\/afrolispt.com\/\">https:\/\/afrolispt.com\/<\/a> identidade cultural.<\/p>\n<h2>A Import\u00e2ncia da Tradi\u00e7\u00e3o nas Pr\u00e1ticas Culturais<\/h2>\n<p>A tradi\u00e7\u00e3o desempenha um papel fundamental nas pr\u00e1ticas culturais, moldando a identidade de comunidades ao redor do mundo. Ela \u00e9 o alicerce que sustenta a mem\u00f3ria coletiva, permitindo que os indiv\u00edduos se conectem com suas ra\u00edzes e reconhe\u00e7am suas origens. Rituais, festivais e costumes, transmitidos de gera\u00e7\u00e3o em gera\u00e7\u00e3o, s\u00e3o express\u00f5es vivas dessa heran\u00e7a. Assim, a pr\u00e1tica comunit\u00e1ria fortalece os la\u00e7os sociais e promove um entendimento intercultural.<\/p>\n<p>Por meio dessas express\u00f5es, as rela\u00e7\u00f5es humanas se enriquecem, criando di\u00e1logos que ultrapassam barreiras lingu\u00edsticas e culturais. A tradi\u00e7\u00e3o n\u00e3o \u00e9 uma mera repeti\u00e7\u00e3o do passado, mas um elo que facilita intera\u00e7\u00f5es significativas entre diferentes culturas. O respeito pelas pr\u00e1ticas tradicionais \u00e9 essencial para a preserva\u00e7\u00e3o da identidade cultural, essencial em um mundo cada vez mais globalizado.<\/p>\n<p>Em suma, a valoriza\u00e7\u00e3o da tradi\u00e7\u00e3o nas pr\u00e1ticas culturais n\u00e3o s\u00f3 mant\u00e9m viva a mem\u00f3ria coletiva, mas tamb\u00e9m fomenta um ambiente onde a diversidade \u00e9 celebrada. Reconhecer essa import\u00e2ncia \u00e9 o primeiro passo para garantir que as tradi\u00e7\u00f5es continuem a prosperar, enriquecendo a vida de todos aqueles que as abra\u00e7am.<\/p>\n<h2>Mem\u00f3ria Coletiva e Identidade Cultural: Conex\u00f5es e Di\u00e1logos<\/h2>\n<p>A mem\u00f3ria coletiva \u00e9 um elemento fundamental na constru\u00e7\u00e3o da identidade cultural de um povo. Por meio de tradi\u00e7\u00f5es e pr\u00e1ticas culturais, grupos comunit\u00e1rios estabelecem di\u00e1logos que fortalecem suas ra\u00edzes e promovem a coes\u00e3o social. Esses rituais, frequentemente transmitidos de gera\u00e7\u00e3o em gera\u00e7\u00e3o, desempenham um papel vital na preserva\u00e7\u00e3o da heran\u00e7a cultural.<\/p>\n<p>Na pr\u00e1tica comunit\u00e1ria, a intera\u00e7\u00e3o entre os membros de uma sociedade cria um espa\u00e7o prop\u00edcio para o entendimento intercultural. Por exemplo, festivais locais que celebram a diversidade cultural permitem que diferentes grupos compartilhem suas hist\u00f3rias, fomentando rela\u00e7\u00f5es humanas mais profundas e significativas.<\/p>\n<p>Essas intera\u00e7\u00f5es n\u00e3o apenas refor\u00e7am a identidade cultural, mas tamb\u00e9m promovem um ambiente de respeito e valoriza\u00e7\u00e3o das diferen\u00e7as. Observando como os rituais locais interagem com a viv\u00eancia cotidiana, \u00e9 poss\u00edvel perceber a import\u00e2ncia da mem\u00f3ria coletiva para a forma\u00e7\u00e3o de uma sociedade mais unida e inclusiva.<\/p>\n<h2>Pr\u00e1ticas Comunit\u00e1rias e Rela\u00e7\u00f5es Humanas atrav\u00e9s da Escuta<\/h2>\n<p>A escuta ativa desempenha um papel fundamental nas pr\u00e1ticas comunit\u00e1rias, facilitando di\u00e1logos enriquecedores que promovem o entendimento intercultural. Em comunidades onde a tradi\u00e7\u00e3o e as pr\u00e1ticas culturais est\u00e3o profundamente enraizadas, esses di\u00e1logos ajudam a preservar a mem\u00f3ria coletiva e a fortalecer a identidade cultural.<\/p>\n<p>Por exemplo, ao participar de rituais comunit\u00e1rios, os indiv\u00edduos t\u00eam a oportunidade de compartilhar suas hist\u00f3rias, criando intera\u00e7\u00f5es que profundizam la\u00e7os sociais. Essas experi\u00eancias n\u00e3o apenas fomentam rela\u00e7\u00f5es humanas mais saud\u00e1veis, mas tamb\u00e9m servem como uma plataforma para discutir desafios e solu\u00e7\u00f5es dentro da comunidade.<\/p>\n<p>Al\u00e9m disso, a escuta promove a conex\u00e3o genu\u00edna entre diferentes grupos e gera um espa\u00e7o seguro para que todos se sintam valorizados e ouvidos, facilitando a constru\u00e7\u00e3o de uma sociedade mais coesa e inclusiva.<\/p>\n<h2>Entendimento Intercultural e Suas Repercuss\u00f5es nas Intera\u00e7\u00f5es Sociais<\/h2>\n<p>O entendimento intercultural \u00e9 essencial nas rela\u00e7\u00f5es humanas, influenciando como nos comunicamos e interagimos. Atrav\u00e9s dos di\u00e1logos entre diferentes culturas, constru\u00edmos uma mem\u00f3ria coletiva que valoriza as tradi\u00e7\u00f5es e pr\u00e1ticas culturais de cada grupo.<\/p>\n<p>Esses encontros promovem a troca de rituais e experi\u00eancias que enriquecem a identidade cultural de indiv\u00edduos e comunidades. Por exemplo, a pr\u00e1tica comunit\u00e1ria de festivais traz \u00e0 tona a pluralidade das culturas, permitindo que aprendamos com a diversidade.<\/p>\n<p>Ao valorizarmos essas intera\u00e7\u00f5es, fortalecemos la\u00e7os e criamos um ambiente onde o respeito e a empatia s\u00e3o fundamentais. Assim, o entendimento intercultural se torna um pilar nas intera\u00e7\u00f5es sociais, promovendo um futuro mais harmonioso.<\/p>\n","protected":false},"excerpt":{"rendered":"<p>Introdu\u00e7\u00e3o ao Ritual de Escuta e suas Implica\u00e7\u00f5es Culturais O ritual de escuta \u00e9 uma pr\u00e1tica que transcende o simples ato de ouvir; trata-se de um processo profundo e intencional que busca fortalecer as rela\u00e7\u00f5es humanas por meio da troca de experi\u00eancias e saberes. Esta tradi\u00e7\u00e3o, presente em diversas pr\u00e1ticas culturais ao redor do mundo, &hellip; <\/p>\n<p class=\"link-more\"><a href=\"https:\/\/www.oa-roma.inaf.it\/bongiorno\/implicacoes-culturais-do-ritual-de-escuta\/\" class=\"more-link\">Leggi tutto<span class=\"screen-reader-text\"> &#8220;Implica\u00e7\u00f5es Culturais do Ritual de Escuta&#8221;<\/span><\/a><\/p>\n","protected":false},"author":11,"featured_media":0,"comment_status":"closed","ping_status":"open","sticky":false,"template":"","format":"standard","meta":{"_acf_changed":false,"footnotes":""},"categories":[11],"tags":[],"class_list":["post-105021","post","type-post","status-publish","format-standard","hentry","category-ec"],"acf":[],"jetpack_featured_media_url":"","_links":{"self":[{"href":"https:\/\/www.oa-roma.inaf.it\/bongiorno\/wp-json\/wp\/v2\/posts\/105021","targetHints":{"allow":["GET"]}}],"collection":[{"href":"https:\/\/www.oa-roma.inaf.it\/bongiorno\/wp-json\/wp\/v2\/posts"}],"about":[{"href":"https:\/\/www.oa-roma.inaf.it\/bongiorno\/wp-json\/wp\/v2\/types\/post"}],"author":[{"embeddable":true,"href":"https:\/\/www.oa-roma.inaf.it\/bongiorno\/wp-json\/wp\/v2\/users\/11"}],"replies":[{"embeddable":true,"href":"https:\/\/www.oa-roma.inaf.it\/bongiorno\/wp-json\/wp\/v2\/comments?post=105021"}],"version-history":[{"count":1,"href":"https:\/\/www.oa-roma.inaf.it\/bongiorno\/wp-json\/wp\/v2\/posts\/105021\/revisions"}],"predecessor-version":[{"id":105023,"href":"https:\/\/www.oa-roma.inaf.it\/bongiorno\/wp-json\/wp\/v2\/posts\/105021\/revisions\/105023"}],"wp:attachment":[{"href":"https:\/\/www.oa-roma.inaf.it\/bongiorno\/wp-json\/wp\/v2\/media?parent=105021"}],"wp:term":[{"taxonomy":"category","embeddable":true,"href":"https:\/\/www.oa-roma.inaf.it\/bongiorno\/wp-json\/wp\/v2\/categories?post=105021"},{"taxonomy":"post_tag","embeddable":true,"href":"https:\/\/www.oa-roma.inaf.it\/bongiorno\/wp-json\/wp\/v2\/tags?post=105021"}],"curies":[{"name":"wp","href":"https:\/\/api.w.org\/{rel}","templated":true}]}}