{"id":126531,"date":"2025-09-23T22:09:25","date_gmt":"2025-09-23T20:09:25","guid":{"rendered":"https:\/\/www.oa-roma.inaf.it\/bongiorno\/?p=126531"},"modified":"2026-03-04T13:04:43","modified_gmt":"2026-03-04T12:04:43","slug":"termeszetes-modszerek-a-borproblemak-hatekony-kezelesere","status":"publish","type":"post","link":"https:\/\/www.oa-roma.inaf.it\/bongiorno\/termeszetes-modszerek-a-borproblemak-hatekony-kezelesere\/","title":{"rendered":"Term\u00e9szetes m\u00f3dszerek a b\u0151rprobl\u00e9m\u00e1k hat\u00e9kony kezel\u00e9s\u00e9re"},"content":{"rendered":"<h2>Bevezet\u00e9s a term\u00e9szetes m\u00f3dszerekbe a b\u0151rprobl\u00e9m\u00e1k kezel\u00e9s\u00e9ben<\/h2>\n<p>A b\u0151rprobl\u00e9m\u00e1k, mint p\u00e9ld\u00e1ul az akne, az ekc\u00e9ma vagy a pikkelys\u00f6m\u00f6r, sok ember \u00e9let\u00e9t megnehez\u00edtik. A hagyom\u00e1nyos b\u0151r\u00e1pol\u00e1si rutinok mellett egyre t\u00f6bben keresnek <strong>term\u00e9szetes gy\u00f3gym\u00f3dok<\/strong> ut\u00e1n, hogy enyh\u00edts\u00e9k t\u00fcneteiket. Ezek a megold\u00e1sok nemcsak hat\u00e9konyak lehetnek, hanem seg\u00edthetnek elker\u00fclni a <strong>k\u00e9miai szerek<\/strong> haszn\u00e1lat\u00e1t is, amelyek hossz\u00fa t\u00e1von k\u00e1ros hat\u00e1ssal lehetnek a b\u0151r eg\u00e9szs\u00e9g\u00e9re.<\/p>\n<p>A term\u00e9szetes m\u00f3dszerek k\u00f6z\u00e9 tartoznak a k\u00fcl\u00f6nb\u00f6z\u0151 gy\u00f3gyn\u00f6v\u00e9nyek, olajok \u00e9s h\u00e1zi k\u00e9sz\u00edt\u00e9s\u0171 maszkok, amelyek t\u00e1pl\u00e1l\u00f3 hat\u00e1sukkal hozz\u00e1j\u00e1rulhatnak a b\u0151rfiatal\u00edt\u00e1shoz \u00e9s a b\u0151r regener\u00e1l\u00f3d\u00e1s\u00e1hoz. P\u00e9ld\u00e1ul a teafaolaj, amelynek antibakteri\u00e1lis tulajdons\u00e1gai seg\u00edthetnek az akne kezel\u00e9s\u00e9ben, sz\u00e9les k\u00f6rben elterjedt megold\u00e1s.<\/p>\n<p>A megfelel\u0151 <strong>b\u0151r\u00e1pol\u00e1si rutin<\/strong> kialak\u00edt\u00e1sa mellett a <strong>t\u00e1pl\u00e1lkoz\u00e1si tan\u00e1csok<\/strong> is kulcsszerepet j\u00e1tszanak a b\u0151r eg\u00e9szs\u00e9g\u00e9nek meg\u0151rz\u00e9s\u00e9ben. Az allergi\u00e1k \u00e9s \u00e9lelmiszer \u00e9rz\u00e9kenys\u00e9gek figyelembev\u00e9tel\u00e9vel, valamint a gyullad\u00e1scs\u00f6kkent\u0151 \u00e9telek, mint p\u00e9ld\u00e1ul a z\u00f6ld leveles z\u00f6lds\u00e9gek \u00e9s a halak be\u00e9p\u00edt\u00e9s\u00e9vel a b\u0151r \u00e1llapota jelent\u0151sen javulhat, k\u00fcl\u00f6n\u00f6sen, ha a <a href=\"https:\/\/g13hu.com\/\">https:\/\/g13hu.com\/<\/a> is figyelembe van v\u00e9ve.<\/p>\n<p>Fontos, hogy mindig konzult\u00e1ljunk szakemberrel, p\u00e9ld\u00e1ul b\u0151rgy\u00f3gy\u00e1sszal, aki seg\u00edthet a megfelel\u0151 megold\u00e1sok kiv\u00e1laszt\u00e1s\u00e1ban, \u00e9s szem\u00e9lyre szabott tan\u00e1csokat adhat a b\u0151rprobl\u00e9m\u00e1k kezel\u00e9s\u00e9re. A term\u00e9szetes m\u00f3dszerek alkalmaz\u00e1sa nemcsak a b\u0151r eg\u00e9szs\u00e9g\u00e9nek jav\u00edt\u00e1s\u00e1t szolg\u00e1lja, hanem hozz\u00e1j\u00e1rulhat a holisztikus eg\u00e9szs\u00e9gmeg\u0151rz\u00e9shez is.<\/p>\n<h2>A b\u0151r\u00e1pol\u00e1si rutin fontoss\u00e1ga \u00e9s \u00f6sszetev\u0151i<\/h2>\n<p>A b\u0151r\u00e1pol\u00e1si rutin nem csup\u00e1n egy divatos szok\u00e1s, hanem alapvet\u0151 l\u00e9p\u00e9s az eg\u00e9szs\u00e9gmeg\u0151rz\u00e9s \u00e9s a b\u0151rfiatal\u00edt\u00e1s \u00e9rdek\u00e9ben. A megfelel\u0151 rutin seg\u00edt meg\u0151rizni b\u0151r\u00fcnk hidrat\u00e1lts\u00e1g\u00e1t, v\u00e9delm\u00e9t, \u00e9s cs\u00f6kkentheti az allergi\u00e1k vagy \u00e9lelmiszer \u00e9rz\u00e9kenys\u00e9gek okozta irrit\u00e1ci\u00f3t.<\/p>\n<p>Fontos, hogy a b\u0151r\u00e1pol\u00e1si rutinunk sor\u00e1n term\u00e9szetes gy\u00f3gym\u00f3dokat is alkalmazzunk, amelyek k\u00edm\u00e9letesek a b\u0151r\u00fcnkh\u00f6z. P\u00e9ld\u00e1ul, a k\u00e9miai szerek helyett \u00e9rdemes olyan term\u00e9szetes \u00f6sszetev\u0151ket keresni, mint az aloe vera vagy a k\u00f3kuszolaj, amelyek t\u00e1pl\u00e1l\u00f3 hat\u00e1sukkal hozz\u00e1j\u00e1rulnak a b\u0151r eg\u00e9szs\u00e9g\u00e9hez.<\/p>\n<p>A rutin alapvet\u0151 l\u00e9p\u00e9sei k\u00f6z\u00e9 tartozik a tiszt\u00edt\u00e1s, hidrat\u00e1l\u00e1s \u00e9s a f\u00e9nyv\u00e9delem. Ezek a l\u00e9p\u00e9sek seg\u00edtenek megel\u0151zni a b\u0151r \u00f6reged\u00e9s\u00e9t \u00e9s a b\u0151rgy\u00f3gy\u00e1szati tan\u00e1csok szerint is elengedhetetlenek. Rendszeres alkalmaz\u00e1sukkal a b\u0151r megjelen\u00e9se javulhat, \u00e9s a b\u0151rfiatal\u00edt\u00e1s \u00e9rdek\u00e9ben is hat\u00e9konyak lehetnek.<\/p>\n<p>Ne feledkezz\u00fcnk meg a t\u00e1pl\u00e1lkoz\u00e1si tan\u00e1csok betart\u00e1s\u00e1r\u00f3l sem! Az eg\u00e9szs\u00e9ges \u00e9trend, gazdag vitaminokban \u00e9s \u00e1sv\u00e1nyi anyagokban, nemcsak bel\u00fclr\u0151l er\u0151s\u00edti a b\u0151rt, hanem hozz\u00e1j\u00e1rul a hat\u00e9kony b\u0151r\u00e1pol\u00e1si rutinunkhoz is. A b\u0151r\u00e1pol\u00e1s \u00e9s a t\u00e1pl\u00e1lkoz\u00e1s egy\u00fcttesen seg\u00edthet abban, hogy b\u0151r\u00fcnk mindig ragyog\u00f3 \u00e9s eg\u00e9szs\u00e9ges legyen.<\/p>\n<h2>T\u00e1pl\u00e1lkoz\u00e1si tan\u00e1csok a b\u0151r eg\u00e9szs\u00e9g\u00e9\u00e9rt<\/h2>\n<p>Az eg\u00e9szs\u00e9ges b\u0151r titka nemcsak a megfelel\u0151 <strong>b\u0151r\u00e1pol\u00e1si rutin<\/strong> k\u00f6vet\u00e9s\u00e9ben rejlik, hanem a t\u00e1pl\u00e1lkoz\u00e1sunkban is. Az \u00e9lelmiszerek, amelyeket fogyasztunk, k\u00f6zvetlen hat\u00e1ssal vannak b\u0151r\u00fcnk \u00e1llapot\u00e1ra. Az omega-3 zs\u00edrsavakban gazdag \u00e9telek, mint a lazac \u00e9s a di\u00f3, seg\u00edthetnek a b\u0151r hidrat\u00e1l\u00e1s\u00e1ban \u00e9s gyullad\u00e1scs\u00f6kkent\u00e9s\u00e9ben, m\u00edg a z\u00f6ld leveles z\u00f6lds\u00e9gek antioxid\u00e1nsokat biztos\u00edtanak, amelyek t\u00e1mogatj\u00e1k a b\u0151rfiatal\u00edt\u00e1st.<\/p>\n<p>A <strong>term\u00e9szetes gy\u00f3gym\u00f3dok<\/strong> alkalmaz\u00e1sa szint\u00e9n hozz\u00e1j\u00e1rulhat a b\u0151r eg\u00e9szs\u00e9g\u00e9hez. A probiotikumokban gazdag \u00e9telek, mint a joghurt \u00e9s a kefir, seg\u00edthetnek az em\u00e9szt\u0151rendszer eg\u00e9szs\u00e9g\u00e9nek fenntart\u00e1s\u00e1ban, ami k\u00f6zvetve cs\u00f6kkentheti az <strong>allergi\u00e1k<\/strong> \u00e9s <strong>\u00e9lelmiszer \u00e9rz\u00e9kenys\u00e9gek<\/strong> hat\u00e1sait is.<\/p>\n<p>Fontos, hogy ker\u00fclj\u00fck a k\u00e9miai szerekben gazdag feldolgozott \u00e9lelmiszereket. Ezek nemcsak a b\u0151r\u00fcnkre, hanem \u00e1ltal\u00e1nos eg\u00e9szs\u00e9g\u00fcnkre is k\u00e1ros hat\u00e1ssal lehetnek. A <strong>b\u0151rgy\u00f3gy\u00e1szati tan\u00e1csok<\/strong> gyakran hangs\u00falyozz\u00e1k az eg\u00e9szs\u00e9ges t\u00e1pl\u00e1lkoz\u00e1s \u00e9s a megfelel\u0151 hidrat\u00e1l\u00e1s fontoss\u00e1g\u00e1t, mint a b\u0151r eg\u00e9szs\u00e9g\u00e9nek alapjait. Rutinunk r\u00e9szek\u00e9nt \u00e9rdemes beiktatni a napi v\u00edzfogyaszt\u00e1st is, hogy b\u0151r\u00fcnk mindig megfelel\u0151en hidrat\u00e1lt legyen.<\/p>\n<h2>Allergi\u00e1k \u00e9s \u00e9lelmiszer \u00e9rz\u00e9kenys\u00e9gek hat\u00e1sa a b\u0151rre<\/h2>\n<p>Az allergi\u00e1k \u00e9s \u00e9lelmiszer \u00e9rz\u00e9kenys\u00e9gek jelent\u0151s hat\u00e1ssal lehetnek b\u0151r\u00fcnkre, hiszen a test reakci\u00f3i gyakran b\u0151rirrit\u00e1ci\u00f3t, viszket\u00e9st vagy ak\u00e1r ki\u00fct\u00e9seket okoznak. A b\u0151r\u00e1pol\u00e1si rutinunkhoz \u00e9rdemes figyelembe venni ezeket a t\u00e9nyez\u0151ket, mivel a megfelel\u0151 term\u00e9szetes gy\u00f3gym\u00f3dok seg\u00edthetnek enyh\u00edteni a t\u00fcneteket.<\/p>\n<p>Az \u00e9telek, mint p\u00e9ld\u00e1ul a tejterm\u00e9kek vagy a glut\u00e9n, gyakran provok\u00e1lj\u00e1k ezeket a reakci\u00f3kat. A b\u0151rgy\u00f3gy\u00e1szati tan\u00e1csok figyelembev\u00e9tel\u00e9vel szem\u00e9lyre szabott t\u00e1pl\u00e1lkoz\u00e1si tan\u00e1csokkal t\u00e1mogathatjuk b\u0151r\u00fcnk eg\u00e9szs\u00e9g\u00e9t. \u00c9rdemes elker\u00fclni a k\u00e9miai szerek haszn\u00e1lat\u00e1t is, hiszen ezek tov\u00e1bb irrit\u00e1lhatj\u00e1k a b\u0151rt.<\/p>\n<p>Az allergi\u00e1s reakci\u00f3k b\u0151rfiatal\u00edt\u00f3 hat\u00e1sa is figyelemre m\u00e9lt\u00f3, hiszen a megfelel\u0151 \u00e9trend \u00e9s a b\u0151r\u00fcnk v\u00e9delme \u00e9rdek\u00e9ben kialak\u00edtott rutinok seg\u00edthetnek meg\u0151rizni b\u0151r\u00fcnk rugalmass\u00e1g\u00e1t \u00e9s sz\u00e9ps\u00e9g\u00e9t. A rendszeres b\u0151r\u00e1pol\u00e1s \u00e9s a tudatos t\u00e1pl\u00e1lkoz\u00e1s kulcsfontoss\u00e1g\u00fa lehet a b\u0151r eg\u00e9szs\u00e9gmeg\u0151rz\u00e9s\u00e9ben.<\/p>\n<h2>B\u0151rgy\u00f3gy\u00e1szati tan\u00e1csok a term\u00e9szetes gy\u00f3gym\u00f3dok alkalmaz\u00e1s\u00e1hoz<\/h2>\n<p>A term\u00e9szetes gy\u00f3gym\u00f3dok alkalmaz\u00e1sa sor\u00e1n fontos, hogy figyelembe vegy\u00fck b\u0151r\u00fcnk egyedi ig\u00e9nyeit. A b\u0151r\u00e1pol\u00e1si rutinunkba \u00e9rdemes be\u00e9p\u00edteni p\u00e9ld\u00e1ul aloe vera g\u00e9l haszn\u00e1lat\u00e1t, amely hidrat\u00e1lja \u00e9s nyugtatja a b\u0151rt. Emellett a megfelel\u0151 t\u00e1pl\u00e1lkoz\u00e1si tan\u00e1csok is hozz\u00e1j\u00e1rulnak b\u0151r\u00fcnk eg\u00e9szs\u00e9g\u00e9hez, hiszen a vitaminokban gazdag \u00e9telek, mint a gy\u00fcm\u00f6lcs\u00f6k \u00e9s z\u00f6lds\u00e9gek, t\u00e1mogatj\u00e1k a b\u0151rfiatal\u00edt\u00e1st.<\/p>\n<p>Az allergi\u00e1k \u00e9s \u00e9lelmiszer \u00e9rz\u00e9kenys\u00e9gek figyelembev\u00e9tel\u00e9vel \u00e9rdemes ker\u00fclni a k\u00e9miai szereket, \u00e9s ink\u00e1bb term\u00e9szetes \u00f6sszetev\u0151kkel dolgozni. P\u00e9ld\u00e1ul a k\u00f3kuszolaj kiv\u00e1l\u00f3 alternat\u00edva lehet hidrat\u00e1l\u00f3k\u00e9nt, m\u00edg a teafaolaj seg\u00edt a pattan\u00e1sok kezel\u00e9s\u00e9ben. Rendszeres haszn\u00e1latukkal \u00e9s az egy\u00e9ni b\u0151rt\u00edpushoz igaz\u00edtott rutinok kialak\u00edt\u00e1s\u00e1val jelent\u0151s javul\u00e1st \u00e9rhet\u00fcnk el.<\/p>\n<p>Fontos, hogy a term\u00e9szetes gy\u00f3gym\u00f3dokat ne csup\u00e1n kieg\u00e9sz\u00edt\u00e9sk\u00e9nt, hanem a b\u0151r\u00e1pol\u00e1si rutinunk szerves r\u00e9sz\u00e9nek tekints\u00fck. A b\u0151rgy\u00f3gy\u00e1szati tan\u00e1csok betart\u00e1sa mellett ne feledkezz\u00fcnk meg a napi hidrat\u00e1l\u00e1sr\u00f3l \u00e9s a napv\u00e9delemr\u0151l sem, hiszen ezek alapvet\u0151ek az eg\u00e9szs\u00e9gmeg\u0151rz\u00e9s szempontj\u00e1b\u00f3l.<\/p>\n<h2>A k\u00e9miai szerek elker\u00fcl\u00e9se \u00e9s a b\u0151rfiatal\u00edt\u00e1s term\u00e9szetes m\u00f3djai<\/h2>\n<p>Manaps\u00e1g egyre t\u00f6bben keresik a <strong>term\u00e9szetes gy\u00f3gym\u00f3dok<\/strong> \u00e9s megold\u00e1sok fel\u00e9 vezet\u0151 utat a b\u0151rfiatal\u00edt\u00e1s ter\u00e9n. A <strong>b\u0151r\u00e1pol\u00e1si rutin<\/strong> kialak\u00edt\u00e1sa sor\u00e1n \u00e9rdemes elker\u00fclni a <strong>k\u00e9miai szerek<\/strong> haszn\u00e1lat\u00e1t, amelyek allergi\u00e1s reakci\u00f3kat vagy \u00e9lelmiszer \u00e9rz\u00e9kenys\u00e9geket okozhatnak.<\/p>\n<p>A b\u0151rgy\u00f3gy\u00e1szati tan\u00e1csok figyelembev\u00e9tel\u00e9vel, egy j\u00f3l megtervezett <strong>rutin<\/strong> seg\u00edthet meg\u0151rizni b\u0151r\u00fcnk eg\u00e9szs\u00e9g\u00e9t. P\u00e9ld\u00e1ul a hidrat\u00e1l\u00e1s mellett a t\u00e1pl\u00e1lkoz\u00e1si tan\u00e1csok is kulcsfontoss\u00e1g\u00faak: a vitaminokban \u00e9s antioxid\u00e1nsokban gazdag \u00e9telek, mint a bogy\u00f3s gy\u00fcm\u00f6lcs\u00f6k \u00e9s z\u00f6ld leveles z\u00f6lds\u00e9gek, hozz\u00e1j\u00e1rulhatnak a b\u0151r fiatalos megjelen\u00e9s\u00e9hez.<\/p>\n<p>\u00c9rdemes figyelmet ford\u00edtani a term\u00e9szetes olajokra is, mint p\u00e9ld\u00e1ul az arg\u00e1n- vagy k\u00f3kuszolaj, amelyek t\u00e1pl\u00e1lj\u00e1k \u00e9s v\u00e9denek. Az eg\u00e9szs\u00e9gmeg\u0151rz\u00e9s \u00e9rdek\u00e9ben a stresszkezel\u00e9s \u00e9s a megfelel\u0151 alv\u00e1s szint\u00e9n nagy szerepet j\u00e1tszik a b\u0151r \u00e1llapot\u00e1nak jav\u00edt\u00e1s\u00e1ban.<\/p>\n","protected":false},"excerpt":{"rendered":"<p>Bevezet\u00e9s a term\u00e9szetes m\u00f3dszerekbe a b\u0151rprobl\u00e9m\u00e1k kezel\u00e9s\u00e9ben A b\u0151rprobl\u00e9m\u00e1k, mint p\u00e9ld\u00e1ul az akne, az ekc\u00e9ma vagy a pikkelys\u00f6m\u00f6r, sok ember \u00e9let\u00e9t megnehez\u00edtik. A hagyom\u00e1nyos b\u0151r\u00e1pol\u00e1si rutinok mellett egyre t\u00f6bben keresnek term\u00e9szetes gy\u00f3gym\u00f3dok ut\u00e1n, hogy enyh\u00edts\u00e9k t\u00fcneteiket. Ezek a megold\u00e1sok nemcsak hat\u00e9konyak lehetnek, hanem seg\u00edthetnek elker\u00fclni a k\u00e9miai szerek haszn\u00e1lat\u00e1t is, amelyek hossz\u00fa t\u00e1von k\u00e1ros hat\u00e1ssal &hellip; <\/p>\n<p class=\"link-more\"><a href=\"https:\/\/www.oa-roma.inaf.it\/bongiorno\/termeszetes-modszerek-a-borproblemak-hatekony-kezelesere\/\" class=\"more-link\">Leggi tutto<span class=\"screen-reader-text\"> &#8220;Term\u00e9szetes m\u00f3dszerek a b\u0151rprobl\u00e9m\u00e1k hat\u00e9kony kezel\u00e9s\u00e9re&#8221;<\/span><\/a><\/p>\n","protected":false},"author":11,"featured_media":0,"comment_status":"closed","ping_status":"open","sticky":false,"template":"","format":"standard","meta":{"_acf_changed":false,"footnotes":""},"categories":[10],"tags":[],"class_list":["post-126531","post","type-post","status-publish","format-standard","hentry","category-ch"],"acf":[],"jetpack_featured_media_url":"","_links":{"self":[{"href":"https:\/\/www.oa-roma.inaf.it\/bongiorno\/wp-json\/wp\/v2\/posts\/126531","targetHints":{"allow":["GET"]}}],"collection":[{"href":"https:\/\/www.oa-roma.inaf.it\/bongiorno\/wp-json\/wp\/v2\/posts"}],"about":[{"href":"https:\/\/www.oa-roma.inaf.it\/bongiorno\/wp-json\/wp\/v2\/types\/post"}],"author":[{"embeddable":true,"href":"https:\/\/www.oa-roma.inaf.it\/bongiorno\/wp-json\/wp\/v2\/users\/11"}],"replies":[{"embeddable":true,"href":"https:\/\/www.oa-roma.inaf.it\/bongiorno\/wp-json\/wp\/v2\/comments?post=126531"}],"version-history":[{"count":1,"href":"https:\/\/www.oa-roma.inaf.it\/bongiorno\/wp-json\/wp\/v2\/posts\/126531\/revisions"}],"predecessor-version":[{"id":126533,"href":"https:\/\/www.oa-roma.inaf.it\/bongiorno\/wp-json\/wp\/v2\/posts\/126531\/revisions\/126533"}],"wp:attachment":[{"href":"https:\/\/www.oa-roma.inaf.it\/bongiorno\/wp-json\/wp\/v2\/media?parent=126531"}],"wp:term":[{"taxonomy":"category","embeddable":true,"href":"https:\/\/www.oa-roma.inaf.it\/bongiorno\/wp-json\/wp\/v2\/categories?post=126531"},{"taxonomy":"post_tag","embeddable":true,"href":"https:\/\/www.oa-roma.inaf.it\/bongiorno\/wp-json\/wp\/v2\/tags?post=126531"}],"curies":[{"name":"wp","href":"https:\/\/api.w.org\/{rel}","templated":true}]}}